{"id":757,"date":"2020-07-28T23:13:42","date_gmt":"2020-07-29T03:43:42","guid":{"rendered":"http:\/\/gregorgonzalez.com.ve\/blog\/?p=757"},"modified":"2020-07-28T23:13:42","modified_gmt":"2020-07-29T03:43:42","slug":"error-editor-de-portadas-de-fax","status":"publish","type":"post","link":"https:\/\/gregorgonzalez.com.ve\/blog\/error-editor-de-portadas-de-fax\/","title":{"rendered":"Error Editor de portadas de fax"},"content":{"rendered":"<p>Desde que se actualiz\u00f3 el windows 07\/2020 he presentado un inconveniente en varias pc. De repente se abre el editor de portadas de fax, no utilizo fax en ninguna de las computadoras que manejo, ni en casa ni en el trabajo, entonces se presenta este problema cada vez que se inicia la pc y a los minutos despu\u00e9s de cerrar la aplicaci\u00f3n.<\/p>\n<p>Como tal, no encontr\u00e9 que lo est\u00e1 causando pero si encontr\u00e9 una soluci\u00f3n. Se puede bloquear el servicio de fax para evitar que se repita este molesto problema.<\/p>\n<p>Portada de fax:<\/p>\n<p><img loading=\"lazy\" decoding=\"async\" class=\"size-full wp-image-758 aligncenter\" src=\"http:\/\/gregorgonzalez.com.ve\/blog\/wp-content\/uploads\/p1.jpg\" alt=\"\" width=\"1002\" height=\"593\" srcset=\"https:\/\/gregorgonzalez.com.ve\/blog\/wp-content\/uploads\/p1.jpg 1002w, https:\/\/gregorgonzalez.com.ve\/blog\/wp-content\/uploads\/p1-300x178.jpg 300w, https:\/\/gregorgonzalez.com.ve\/blog\/wp-content\/uploads\/p1-768x455.jpg 768w\" sizes=\"(max-width: 1002px) 100vw, 1002px\" \/><\/p>\n<p>&nbsp;<\/p>\n<p>Nos dirigimos al panel de control de windows:<\/p>\n<p><img loading=\"lazy\" decoding=\"async\" class=\"size-full wp-image-759 aligncenter\" src=\"http:\/\/gregorgonzalez.com.ve\/blog\/wp-content\/uploads\/p2.jpg\" alt=\"\" width=\"316\" height=\"239\" srcset=\"https:\/\/gregorgonzalez.com.ve\/blog\/wp-content\/uploads\/p2.jpg 316w, https:\/\/gregorgonzalez.com.ve\/blog\/wp-content\/uploads\/p2-300x227.jpg 300w\" sizes=\"(max-width: 316px) 100vw, 316px\" \/><\/p>\n<p>&nbsp;<\/p>\n<p>Como se trata de windows 10, nos permite buscar f\u00e1cilmente \u00abActivar o Desactivar las caracter\u00edsticas de windows\u00bb<\/p>\n<p><img loading=\"lazy\" decoding=\"async\" class=\"size-full wp-image-760 aligncenter\" src=\"http:\/\/gregorgonzalez.com.ve\/blog\/wp-content\/uploads\/p3.jpg\" alt=\"\" width=\"824\" height=\"382\" srcset=\"https:\/\/gregorgonzalez.com.ve\/blog\/wp-content\/uploads\/p3.jpg 824w, https:\/\/gregorgonzalez.com.ve\/blog\/wp-content\/uploads\/p3-300x139.jpg 300w, https:\/\/gregorgonzalez.com.ve\/blog\/wp-content\/uploads\/p3-768x356.jpg 768w\" sizes=\"(max-width: 824px) 100vw, 824px\" \/><\/p>\n<p>&nbsp;<\/p>\n<p>y por ultimo destildamos la casilla \u00abFax y Escaner de windows\u00bb.<\/p>\n<p><img loading=\"lazy\" decoding=\"async\" class=\"size-full wp-image-761 aligncenter\" src=\"http:\/\/gregorgonzalez.com.ve\/blog\/wp-content\/uploads\/p4.jpg\" alt=\"\" width=\"610\" height=\"377\" srcset=\"https:\/\/gregorgonzalez.com.ve\/blog\/wp-content\/uploads\/p4.jpg 610w, https:\/\/gregorgonzalez.com.ve\/blog\/wp-content\/uploads\/p4-300x185.jpg 300w\" sizes=\"(max-width: 610px) 100vw, 610px\" \/><\/p>\n<p>&nbsp;<\/p>\n<p>Nos pide reiniciar la pc y con esto evitamos ese problema.<\/p>\n","protected":false},"excerpt":{"rendered":"<p>Desde que se actualiz\u00f3 el windows 07\/2020 he presentado un inconveniente en varias pc. De repente se abre el editor de portadas de fax, no utilizo fax en ninguna de las computadoras que manejo, ni en casa ni en el trabajo, entonces se presenta este problema cada vez que se inicia la pc y a [&hellip;]<\/p>\n","protected":false},"author":1,"featured_media":758,"comment_status":"open","ping_status":"open","sticky":false,"template":"","format":"standard","meta":{"_exactmetrics_skip_tracking":false,"_exactmetrics_sitenote_active":false,"_exactmetrics_sitenote_note":"","_exactmetrics_sitenote_category":0,"footnotes":""},"categories":[151],"tags":[134,178,280,281],"_links":{"self":[{"href":"https:\/\/gregorgonzalez.com.ve\/blog\/wp-json\/wp\/v2\/posts\/757"}],"collection":[{"href":"https:\/\/gregorgonzalez.com.ve\/blog\/wp-json\/wp\/v2\/posts"}],"about":[{"href":"https:\/\/gregorgonzalez.com.ve\/blog\/wp-json\/wp\/v2\/types\/post"}],"author":[{"embeddable":true,"href":"https:\/\/gregorgonzalez.com.ve\/blog\/wp-json\/wp\/v2\/users\/1"}],"replies":[{"embeddable":true,"href":"https:\/\/gregorgonzalez.com.ve\/blog\/wp-json\/wp\/v2\/comments?post=757"}],"version-history":[{"count":1,"href":"https:\/\/gregorgonzalez.com.ve\/blog\/wp-json\/wp\/v2\/posts\/757\/revisions"}],"predecessor-version":[{"id":762,"href":"https:\/\/gregorgonzalez.com.ve\/blog\/wp-json\/wp\/v2\/posts\/757\/revisions\/762"}],"wp:featuredmedia":[{"embeddable":true,"href":"https:\/\/gregorgonzalez.com.ve\/blog\/wp-json\/wp\/v2\/media\/758"}],"wp:attachment":[{"href":"https:\/\/gregorgonzalez.com.ve\/blog\/wp-json\/wp\/v2\/media?parent=757"}],"wp:term":[{"taxonomy":"category","embeddable":true,"href":"https:\/\/gregorgonzalez.com.ve\/blog\/wp-json\/wp\/v2\/categories?post=757"},{"taxonomy":"post_tag","embeddable":true,"href":"https:\/\/gregorgonzalez.com.ve\/blog\/wp-json\/wp\/v2\/tags?post=757"}],"curies":[{"name":"wp","href":"https:\/\/api.w.org\/{rel}","templated":true}]}}